{"id":100,"date":"2012-04-08T10:22:37","date_gmt":"2012-04-08T07:22:37","guid":{"rendered":"http:\/\/joelahtmekultuur.ee\/mois\/?p=100"},"modified":"2014-04-15T10:24:57","modified_gmt":"2014-04-15T07:24:57","slug":"lihavotted-lastele-ja-seemnete-muuk","status":"publish","type":"post","link":"http:\/\/joelahtmekultuur.ee\/mois\/2012\/04\/08\/lihavotted-lastele-ja-seemnete-muuk\/","title":{"rendered":"Lihav\u00f5tted lastele ja Seemnete m\u00fc\u00fck"},"content":{"rendered":"<h3><span class=\"Apple-style-span\" style=\"font-family: Arimo, sans-serif; font-size: 15px; line-height: 24px;\"><a href=\"http:\/\/joelahtmekultuur.ee\/mois\/wp-content\/uploads\/sites\/5\/2012\/04\/seemnemyyk_koogiviljad.jpg\"><br \/>\n<\/a><a href=\"http:\/\/joelahtmekultuur.ee\/mois\/wp-content\/uploads\/sites\/5\/2012\/04\/seemnemyyk_potid.jpg\"><img loading=\"lazy\" decoding=\"async\" class=\"alignright size-full wp-image-104\" alt=\"seemnemyyk_potid\" src=\"http:\/\/joelahtmekultuur.ee\/mois\/wp-content\/uploads\/sites\/5\/2012\/04\/seemnemyyk_potid.jpg\" width=\"150\" height=\"150\" \/><\/a>Kostivere Kultuurim\u00f5isas<\/span><\/h3>\n<p>08.aprillil 2012 kell 11:00<\/p>\n<hr \/>\n<h4>Lihav\u00f5tted lastele<\/h4>\n<div>V\u00e4rvime, keedame\u00a0ja koksime mune. R\u00e4\u00e4gime\u00a0lihav\u00f5ttep\u00fchadest\u00a0ning otsime \u00fcllatusi.<\/div>\n<div>\n<hr \/>\n<\/div>\n<h3><a href=\"http:\/\/joelahtmekultuur.ee\/mois\/wp-content\/uploads\/sites\/5\/2012\/04\/seemnemyyk_koogiviljad.jpg\"><img loading=\"lazy\" decoding=\"async\" class=\"alignleft\" alt=\"seemnemyyk_koogiviljad\" src=\"http:\/\/joelahtmekultuur.ee\/mois\/wp-content\/uploads\/sites\/5\/2012\/04\/seemnemyyk_koogiviljad.jpg\" width=\"259\" height=\"194\" \/><\/a><\/h3>\n<div><\/div>\n<h4>Seemnete m\u00fc\u00fck<\/h4>\n<p>Taas on k\u00e4es kevad ja seemned ootavad mulda pistmist.<\/p>\n<p>8.aprillil kell 11.00 &#8211; 13.00 Kostivere Kultuurim\u00f5isas k\u00f6\u00f6givilja- ja lilleseemnete m\u00fc\u00fck.<\/p>\n<p>TULE JA TUTVU UUTE SORTIDEGA NING K\u00dcSI N\u00d5U ASJATUNDJATELT!!<\/p>\n<p>Seemned firmalt Schettelig,<\/p>\n<p>Seemnekartul Ardo Lassilt.<\/p>\n","protected":false},"excerpt":{"rendered":"<p>Kostivere Kultuurim\u00f5isas 08.aprillil 2012 kell 11:00 Lihav\u00f5tted lastele V\u00e4rvime, keedame\u00a0ja koksime mune. R\u00e4\u00e4gime\u00a0lihav\u00f5ttep\u00fchadest\u00a0ning otsime \u00fcllatusi. Seemnete m\u00fc\u00fck Taas on k\u00e4es kevad ja seemned ootavad mulda pistmist. 8.aprillil kell 11.00 &#8211; 13.00 Kostivere Kultuurim\u00f5isas k\u00f6\u00f6givilja- ja lilleseemnete m\u00fc\u00fck. TULE JA TUTVU UUTE SORTIDEGA NING K\u00dcSI N\u00d5U ASJATUNDJATELT!! Seemned firmalt Schettelig, Seemnekartul Ardo Lassilt.<\/p>\n","protected":false},"author":1,"featured_media":0,"comment_status":"closed","ping_status":"closed","sticky":false,"template":"","format":"standard","meta":{"ngg_post_thumbnail":0,"footnotes":""},"categories":[6],"tags":[],"class_list":["post-100","post","type-post","status-publish","format-standard","hentry","category-kostivere-kultuurimois"],"_links":{"self":[{"href":"http:\/\/joelahtmekultuur.ee\/mois\/wp-json\/wp\/v2\/posts\/100","targetHints":{"allow":["GET"]}}],"collection":[{"href":"http:\/\/joelahtmekultuur.ee\/mois\/wp-json\/wp\/v2\/posts"}],"about":[{"href":"http:\/\/joelahtmekultuur.ee\/mois\/wp-json\/wp\/v2\/types\/post"}],"author":[{"embeddable":true,"href":"http:\/\/joelahtmekultuur.ee\/mois\/wp-json\/wp\/v2\/users\/1"}],"replies":[{"embeddable":true,"href":"http:\/\/joelahtmekultuur.ee\/mois\/wp-json\/wp\/v2\/comments?post=100"}],"version-history":[{"count":3,"href":"http:\/\/joelahtmekultuur.ee\/mois\/wp-json\/wp\/v2\/posts\/100\/revisions"}],"predecessor-version":[{"id":105,"href":"http:\/\/joelahtmekultuur.ee\/mois\/wp-json\/wp\/v2\/posts\/100\/revisions\/105"}],"wp:attachment":[{"href":"http:\/\/joelahtmekultuur.ee\/mois\/wp-json\/wp\/v2\/media?parent=100"}],"wp:term":[{"taxonomy":"category","embeddable":true,"href":"http:\/\/joelahtmekultuur.ee\/mois\/wp-json\/wp\/v2\/categories?post=100"},{"taxonomy":"post_tag","embeddable":true,"href":"http:\/\/joelahtmekultuur.ee\/mois\/wp-json\/wp\/v2\/tags?post=100"}],"curies":[{"name":"wp","href":"https:\/\/api.w.org\/{rel}","templated":true}]}}