{"id":106,"date":"2012-05-10T10:25:35","date_gmt":"2012-05-10T07:25:35","guid":{"rendered":"http:\/\/joelahtmekultuur.ee\/mois\/?p=106"},"modified":"2014-04-15T10:25:58","modified_gmt":"2014-04-15T07:25:58","slug":"kostivere-kooli-kontsert","status":"publish","type":"post","link":"http:\/\/joelahtmekultuur.ee\/mois\/2012\/05\/10\/kostivere-kooli-kontsert\/","title":{"rendered":"Kostivere Kooli kontsert"},"content":{"rendered":"<h3>10.05.2012<\/h3>\n<p>Emadep\u00e4eva kevadkontsert Kostivere Kooli \u00f5pilastelt.<\/p>\n<p>Kostivere Kultuurim\u00f5isas<br \/>\nNeljap\u00e4eval, 10. mail 2012 kell 18:00<\/p>\n<div><\/div>\n<div>Tasuta<\/div>\n<p>Barokkmuusika kontsert<br \/>\nEsineb Vanamuusika ansambel &#8220;TALLINN BAROQUE&#8221;<\/p>\n<p>Kostivere Kultuurim\u00f5isas<br \/>\nP\u00fchap\u00e4eval, 13. mail 2012 algusega kell 13:00<\/p>\n<p>Pileti hind 2 \u20ac<br \/>\nPiletim\u00fc\u00fck kohapeal tund enne kontserdi algust.<\/p>\n<div>Kontsert sisaldab muusikalise matka renessansi- ja barokiajastu Euroopasse, annab stiilikireva tervikpildi nn &#8220;afekti&#8221; muusika ajaloole. Kuulda saab \u00f5ukondlikku galantset tantsumuusikat, imitatsioonilist kirikumuusikat, programmilisi sooloteoseid, kammermuusikat.<\/p>\n<p>Esitatavale lisavad jumet barokiajastu kost\u00fc\u00fcmid ja parukad (kunstnik Kustav-Agu P\u00fc\u00fcman) ning muusikute kommentaarid, millised puudutavad kord esitatavat teost, kord heliloojat, siis j\u00e4lle m\u00f5nd instrumenti v\u00f5i avavad s\u00f5nalise teksti tagamaid.<\/p>\n<p>Muusikud kasutavad tsitaate ja v\u00e4ljav\u00f5tteid k\u00f5rgelt hinnatud kirjandusest :<br \/>\n1. Rosario Villari &#8220;barokiajastu inimene&#8221;; 2. Nikolaus Harnoncourt &#8220;K\u00f5nelev muusika&#8221;; 3. Toomas Siitan &#8220;\u00d5htumaade muusika-ajalugu&#8221;; 4. Bronwyn Cosgrave &#8220;R\u00f5ivas&amp;mood, arenguajalugu&#8221;; 5. lauri Leesi &#8220;Kunstilugu koolidele&#8221;.<\/p>\n<p>Musitseerivad ajastu pillidel:<br \/>\nLiina Saari &#8211; vokaal (sopran)<br \/>\nRaivo Tarum &#8211; zink, krummhorn, barokktrompet<br \/>\nT\u00f5nu J\u00f5esaar &#8211; fiidel, viola da gamba, barokkt\u0161ello<br \/>\nImbi Tarum &#8211; klavessiin<\/p><\/div>\n","protected":false},"excerpt":{"rendered":"<p>10.05.2012 Emadep\u00e4eva kevadkontsert Kostivere Kooli \u00f5pilastelt. Kostivere Kultuurim\u00f5isas Neljap\u00e4eval, 10. mail 2012 kell 18:00 Tasuta Barokkmuusika kontsert Esineb Vanamuusika ansambel &#8220;TALLINN BAROQUE&#8221; Kostivere Kultuurim\u00f5isas P\u00fchap\u00e4eval, 13. mail 2012 algusega kell 13:00 Pileti hind 2 \u20ac Piletim\u00fc\u00fck kohapeal tund enne kontserdi algust. Kontsert sisaldab muusikalise matka renessansi- ja barokiajastu Euroopasse, annab stiilikireva tervikpildi nn &#8220;afekti&#8221; muusika [&hellip;]<\/p>\n","protected":false},"author":1,"featured_media":0,"comment_status":"closed","ping_status":"closed","sticky":false,"template":"","format":"standard","meta":{"ngg_post_thumbnail":0,"footnotes":""},"categories":[6],"tags":[],"class_list":["post-106","post","type-post","status-publish","format-standard","hentry","category-kostivere-kultuurimois"],"_links":{"self":[{"href":"http:\/\/joelahtmekultuur.ee\/mois\/wp-json\/wp\/v2\/posts\/106","targetHints":{"allow":["GET"]}}],"collection":[{"href":"http:\/\/joelahtmekultuur.ee\/mois\/wp-json\/wp\/v2\/posts"}],"about":[{"href":"http:\/\/joelahtmekultuur.ee\/mois\/wp-json\/wp\/v2\/types\/post"}],"author":[{"embeddable":true,"href":"http:\/\/joelahtmekultuur.ee\/mois\/wp-json\/wp\/v2\/users\/1"}],"replies":[{"embeddable":true,"href":"http:\/\/joelahtmekultuur.ee\/mois\/wp-json\/wp\/v2\/comments?post=106"}],"version-history":[{"count":1,"href":"http:\/\/joelahtmekultuur.ee\/mois\/wp-json\/wp\/v2\/posts\/106\/revisions"}],"predecessor-version":[{"id":107,"href":"http:\/\/joelahtmekultuur.ee\/mois\/wp-json\/wp\/v2\/posts\/106\/revisions\/107"}],"wp:attachment":[{"href":"http:\/\/joelahtmekultuur.ee\/mois\/wp-json\/wp\/v2\/media?parent=106"}],"wp:term":[{"taxonomy":"category","embeddable":true,"href":"http:\/\/joelahtmekultuur.ee\/mois\/wp-json\/wp\/v2\/categories?post=106"},{"taxonomy":"post_tag","embeddable":true,"href":"http:\/\/joelahtmekultuur.ee\/mois\/wp-json\/wp\/v2\/tags?post=106"}],"curies":[{"name":"wp","href":"https:\/\/api.w.org\/{rel}","templated":true}]}}