{"id":1946,"date":"2015-06-04T12:49:38","date_gmt":"2015-06-04T09:49:38","guid":{"rendered":"http:\/\/joelahtmekultuur.ee\/mois\/?p=1946"},"modified":"2015-06-04T12:49:38","modified_gmt":"2015-06-04T09:49:38","slug":"6-juunil-laupaeval-kell-1700-kostivere-moisakoori-ja-norra-segakoori-korness-uhiskontsert","status":"publish","type":"post","link":"http:\/\/joelahtmekultuur.ee\/mois\/2015\/06\/04\/6-juunil-laupaeval-kell-1700-kostivere-moisakoori-ja-norra-segakoori-korness-uhiskontsert\/","title":{"rendered":"6. juunil, laup\u00e4eval, kell 17:00 Kostivere M\u00f5isakoori ja Norra segakoori Korness \u00fchiskontsert"},"content":{"rendered":"<ol start=\"6\">\n<li><strong> juunil kell 17:00 Kostivere Kultuurim\u00f5isas<\/strong><\/li>\n<\/ol>\n<p><strong>Kostivere M\u00f5isakoori ja Norra segakoori \u201eKorness\u201d \u00fchiskontsert<\/strong><\/p>\n<p>Kontsert tasuta.<\/p>\n<p>Lisainfo: Kostivere Kultuurim\u00f5is, tel 608 1539, 5853 8533, 5328 4841,<\/p>\n<p>E-post: <a href=\"mailto:kostivere.kultuurimois@gmail.com\">kostivere.kultuurimois@gmail.com<\/a><\/p>\n<p><a href=\"http:\/\/joelahtmekultuur.ee\/mois\/et\/\">http:\/\/joelahtmekultuur.ee\/mois\/et\/<\/a>, <a href=\"http:\/\/www.facebook.com\/kultuurimois\">www.facebook.com\/kultuurimois<\/a><\/p>\n<p><a href=\"http:\/\/joelahtmekultuur.ee\/mois\/wp-content\/uploads\/sites\/5\/2015\/05\/koos-norraga-jpg.jpg\"><img loading=\"lazy\" decoding=\"async\" class=\"alignnone size-full wp-image-1865\" src=\"http:\/\/joelahtmekultuur.ee\/mois\/wp-content\/uploads\/sites\/5\/2015\/05\/koos-norraga-jpg.jpg\" alt=\"koos norraga jpg\" width=\"850\" height=\"1160\" srcset=\"http:\/\/joelahtmekultuur.ee\/mois\/wp-content\/uploads\/sites\/5\/2015\/05\/koos-norraga-jpg.jpg 850w, http:\/\/joelahtmekultuur.ee\/mois\/wp-content\/uploads\/sites\/5\/2015\/05\/koos-norraga-jpg-220x300.jpg 220w, http:\/\/joelahtmekultuur.ee\/mois\/wp-content\/uploads\/sites\/5\/2015\/05\/koos-norraga-jpg-750x1024.jpg 750w\" sizes=\"auto, (max-width: 850px) 100vw, 850px\" \/><\/a><\/p>\n","protected":false},"excerpt":{"rendered":"<p>juunil kell 17:00 Kostivere Kultuurim\u00f5isas Kostivere M\u00f5isakoori ja Norra segakoori \u201eKorness\u201d \u00fchiskontsert Kontsert tasuta. Lisainfo: Kostivere Kultuurim\u00f5is, tel 608 1539, 5853 8533, 5328 4841, E-post: kostivere.kultuurimois@gmail.com http:\/\/joelahtmekultuur.ee\/mois\/et\/, www.facebook.com\/kultuurimois<\/p>\n","protected":false},"author":6,"featured_media":0,"comment_status":"closed","ping_status":"closed","sticky":false,"template":"","format":"standard","meta":{"ngg_post_thumbnail":0,"footnotes":""},"categories":[6],"tags":[],"class_list":["post-1946","post","type-post","status-publish","format-standard","hentry","category-kostivere-kultuurimois"],"_links":{"self":[{"href":"http:\/\/joelahtmekultuur.ee\/mois\/wp-json\/wp\/v2\/posts\/1946","targetHints":{"allow":["GET"]}}],"collection":[{"href":"http:\/\/joelahtmekultuur.ee\/mois\/wp-json\/wp\/v2\/posts"}],"about":[{"href":"http:\/\/joelahtmekultuur.ee\/mois\/wp-json\/wp\/v2\/types\/post"}],"author":[{"embeddable":true,"href":"http:\/\/joelahtmekultuur.ee\/mois\/wp-json\/wp\/v2\/users\/6"}],"replies":[{"embeddable":true,"href":"http:\/\/joelahtmekultuur.ee\/mois\/wp-json\/wp\/v2\/comments?post=1946"}],"version-history":[{"count":1,"href":"http:\/\/joelahtmekultuur.ee\/mois\/wp-json\/wp\/v2\/posts\/1946\/revisions"}],"predecessor-version":[{"id":1947,"href":"http:\/\/joelahtmekultuur.ee\/mois\/wp-json\/wp\/v2\/posts\/1946\/revisions\/1947"}],"wp:attachment":[{"href":"http:\/\/joelahtmekultuur.ee\/mois\/wp-json\/wp\/v2\/media?parent=1946"}],"wp:term":[{"taxonomy":"category","embeddable":true,"href":"http:\/\/joelahtmekultuur.ee\/mois\/wp-json\/wp\/v2\/categories?post=1946"},{"taxonomy":"post_tag","embeddable":true,"href":"http:\/\/joelahtmekultuur.ee\/mois\/wp-json\/wp\/v2\/tags?post=1946"}],"curies":[{"name":"wp","href":"https:\/\/api.w.org\/{rel}","templated":true}]}}