{"id":1960,"date":"2015-06-21T13:15:27","date_gmt":"2015-06-21T10:15:27","guid":{"rendered":"http:\/\/joelahtmekultuur.ee\/mois\/?p=1960"},"modified":"2015-08-13T12:45:10","modified_gmt":"2015-08-13T09:45:10","slug":"16-augustil-kell-1300-kostivere-moisapaev","status":"publish","type":"post","link":"http:\/\/joelahtmekultuur.ee\/mois\/2015\/06\/21\/16-augustil-kell-1300-kostivere-moisapaev\/","title":{"rendered":"16. augustil kell 13:00 VII Kostivere M\u00f5isap\u00e4ev"},"content":{"rendered":"<p><strong><a href=\"http:\/\/joelahtmekultuur.ee\/mois\/wp-content\/uploads\/sites\/5\/2015\/06\/m\u00f5isap\u00e4ev-b\u00e4nner-jpg.jpg\"><img loading=\"lazy\" decoding=\"async\" class=\"alignnone size-full wp-image-1995\" src=\"http:\/\/joelahtmekultuur.ee\/mois\/wp-content\/uploads\/sites\/5\/2015\/06\/m\u00f5isap\u00e4ev-b\u00e4nner-jpg.jpg\" alt=\"m\u00f5isap\u00e4ev b\u00e4nner jpg\" width=\"1174\" height=\"850\" srcset=\"http:\/\/joelahtmekultuur.ee\/mois\/wp-content\/uploads\/sites\/5\/2015\/06\/m\u00f5isap\u00e4ev-b\u00e4nner-jpg.jpg 1174w, http:\/\/joelahtmekultuur.ee\/mois\/wp-content\/uploads\/sites\/5\/2015\/06\/m\u00f5isap\u00e4ev-b\u00e4nner-jpg-300x217.jpg 300w, http:\/\/joelahtmekultuur.ee\/mois\/wp-content\/uploads\/sites\/5\/2015\/06\/m\u00f5isap\u00e4ev-b\u00e4nner-jpg-1024x741.jpg 1024w\" sizes=\"auto, (max-width: 1174px) 100vw, 1174px\" \/><\/a>\u00a0\u00a0\u00a0\u00a0\u00a0\u00a0\u00a0\u00a0\u00a0\u00a0\u00a0 <span style=\"text-decoration: underline\">KOSTIVERE M\u00d5ISAP\u00c4EV \u2013 <\/span><\/strong><strong><span style=\"text-decoration: underline\">KAHEKSA SAJANDIT MAARJAMAAD<\/span><\/strong><\/p>\n<p><strong>16.08.2015, algusega kell 13:00 Kostivere m\u00f5isahoovis ja -hoones.<\/strong><\/p>\n<p>S\u00fcndmus on p\u00fchendatud Maarjamaa 800. aastap\u00e4evale, p\u00e4eva juhib filoloog ja folklorist MARJU K\u00d5IVUPUU.<\/p>\n<p>Laat parimate paladega, leivatelk, filmituba, n\u00e4itused, v\u00e4ljapanekud, t\u00f6\u00f6toad, etteasted, p\u00e4rimuslood ja m\u00e4ngud ning palju muud p\u00f5nevat.<\/p>\n<p>\u00dcritus tasuta.<\/p>\n<p><strong>Kell 18:00<\/strong> Kostivere Kultuurim\u00f5isa saalis m\u00f5isap\u00e4eva peaesineja ans <strong>J\u00c4\u00c4\u00c4\u00c4R<\/strong> kontsert!<\/p>\n<p>Pilet 15 \u20ac<br \/>\nPiletid eelm\u00fc\u00fcgis Piletilevis, Kostivere Kultuurim\u00f5isas ning m\u00f5isap\u00e4eval.<br \/>\nLisainfo: Kostivere Kultuurim\u00f5is, tel 608 1539, 5853 8533, 5328 4841,<br \/>\nE-post:\u00a0<a href=\"mailto:kostivere.kultuurimois@gmail.com\"> kostiveremois@gmail.com<\/a><\/p>\n<p><a href=\"http:\/\/joelahtmekultuur.ee\/mois\/wp-content\/uploads\/sites\/5\/2015\/06\/m\u00f5isap\u00e4ev.jpg\"><img loading=\"lazy\" decoding=\"async\" class=\"alignnone size-full wp-image-1993\" src=\"http:\/\/joelahtmekultuur.ee\/mois\/wp-content\/uploads\/sites\/5\/2015\/06\/m\u00f5isap\u00e4ev.jpg\" alt=\"m\u00f5isap\u00e4ev\" width=\"700\" height=\"990\" srcset=\"http:\/\/joelahtmekultuur.ee\/mois\/wp-content\/uploads\/sites\/5\/2015\/06\/m\u00f5isap\u00e4ev.jpg 700w, http:\/\/joelahtmekultuur.ee\/mois\/wp-content\/uploads\/sites\/5\/2015\/06\/m\u00f5isap\u00e4ev-212x300.jpg 212w\" sizes=\"auto, (max-width: 700px) 100vw, 700px\" \/><\/a><\/p>\n<p>&nbsp;<\/p>\n","protected":false},"excerpt":{"rendered":"<p>\u00a0\u00a0\u00a0\u00a0\u00a0\u00a0\u00a0\u00a0\u00a0\u00a0\u00a0 KOSTIVERE M\u00d5ISAP\u00c4EV \u2013 KAHEKSA SAJANDIT MAARJAMAAD 16.08.2015, algusega kell 13:00 Kostivere m\u00f5isahoovis ja -hoones. S\u00fcndmus on p\u00fchendatud Maarjamaa 800. aastap\u00e4evale, p\u00e4eva juhib filoloog ja folklorist MARJU K\u00d5IVUPUU. Laat parimate paladega, leivatelk, filmituba, n\u00e4itused, v\u00e4ljapanekud, t\u00f6\u00f6toad, etteasted, p\u00e4rimuslood ja m\u00e4ngud ning palju muud p\u00f5nevat. \u00dcritus tasuta. Kell 18:00 Kostivere Kultuurim\u00f5isa saalis m\u00f5isap\u00e4eva peaesineja ans J\u00c4\u00c4\u00c4\u00c4R [&hellip;]<\/p>\n","protected":false},"author":6,"featured_media":0,"comment_status":"closed","ping_status":"closed","sticky":false,"template":"","format":"standard","meta":{"ngg_post_thumbnail":0,"footnotes":""},"categories":[6],"tags":[],"class_list":["post-1960","post","type-post","status-publish","format-standard","hentry","category-kostivere-kultuurimois"],"_links":{"self":[{"href":"http:\/\/joelahtmekultuur.ee\/mois\/wp-json\/wp\/v2\/posts\/1960","targetHints":{"allow":["GET"]}}],"collection":[{"href":"http:\/\/joelahtmekultuur.ee\/mois\/wp-json\/wp\/v2\/posts"}],"about":[{"href":"http:\/\/joelahtmekultuur.ee\/mois\/wp-json\/wp\/v2\/types\/post"}],"author":[{"embeddable":true,"href":"http:\/\/joelahtmekultuur.ee\/mois\/wp-json\/wp\/v2\/users\/6"}],"replies":[{"embeddable":true,"href":"http:\/\/joelahtmekultuur.ee\/mois\/wp-json\/wp\/v2\/comments?post=1960"}],"version-history":[{"count":11,"href":"http:\/\/joelahtmekultuur.ee\/mois\/wp-json\/wp\/v2\/posts\/1960\/revisions"}],"predecessor-version":[{"id":2007,"href":"http:\/\/joelahtmekultuur.ee\/mois\/wp-json\/wp\/v2\/posts\/1960\/revisions\/2007"}],"wp:attachment":[{"href":"http:\/\/joelahtmekultuur.ee\/mois\/wp-json\/wp\/v2\/media?parent=1960"}],"wp:term":[{"taxonomy":"category","embeddable":true,"href":"http:\/\/joelahtmekultuur.ee\/mois\/wp-json\/wp\/v2\/categories?post=1960"},{"taxonomy":"post_tag","embeddable":true,"href":"http:\/\/joelahtmekultuur.ee\/mois\/wp-json\/wp\/v2\/tags?post=1960"}],"curies":[{"name":"wp","href":"https:\/\/api.w.org\/{rel}","templated":true}]}}